{"id":490,"date":"2022-02-10T08:44:55","date_gmt":"2022-02-10T08:44:55","guid":{"rendered":"http:\/\/wp.haarnet.de\/?p=490"},"modified":"2026-01-09T20:11:53","modified_gmt":"2026-01-09T20:11:53","slug":"kollegen-innen-gesucht","status":"publish","type":"post","link":"http:\/\/wp.haarnet.de\/?p=490","title":{"rendered":"Nachfolger\/in \/ Mieter\/in gesucht"},"content":{"rendered":"\n<p><strong>Selbstst\u00e4ndig im Friseurhandwerk?<br>Co-Workspace \/ Stuhl- oder Raummiete in Darmstadt (64293)<\/strong><\/p>\n\n\n\n<p>Du spielst mit dem Gedanken, dich selbstst\u00e4ndig zu machen? Dann k\u00f6nnte dieses Angebot genau das Richtige f\u00fcr dich sein.<\/p>\n\n\n\n<p>In einem seit fast <strong>60 Jahren bestehenden Friseurbetrieb<\/strong> in Darmstadt-West biete ich die M\u00f6glichkeit zur <strong>r\u00e4umlich getrennten Selbstst\u00e4ndigkeit<\/strong> \u2013 als Friseurmeister:in oder auch f\u00fcr verwandte Gewerke (z. B. Nagelstudio).<\/p>\n\n\n\n<h3 class=\"wp-block-heading\">Das Konzept<\/h3>\n\n\n\n<ul class=\"wp-block-list\">\n<li>Co-Workspace: <strong>2 oder mehr unabh\u00e4ngige Gesch\u00e4fte unter einem Dach<\/strong><\/li>\n\n\n\n<li><strong>Stuhlmiete, Teil- oder Komplettanmietung<\/strong> m\u00f6glich<\/li>\n\n\n\n<li>Jeder arbeitet <strong>auf eigene Rechnung und Verantwortung<\/strong><\/li>\n\n\n\n<li>Eigenes Gewerbe, eigene Versicherung, eigene Preisgestaltung<\/li>\n\n\n\n<li><strong>Keine Abstands- oder Provisionszahlungen<\/strong><\/li>\n<\/ul>\n\n\n\n<h3 class=\"wp-block-heading\">Ausstattung (ehem. Damensalon, r\u00e4umlich abgetrennt)<\/h3>\n\n\n\n<ul class=\"wp-block-list\">\n<li>9 Bedienungspl\u00e4tze<\/li>\n\n\n\n<li>2 R\u00fcckw\u00e4rts-Waschbecken, 1 Vorw\u00e4rts-Waschbecken<\/li>\n\n\n\n<li>Climazon-Ger\u00e4t, Trockenhauben<\/li>\n\n\n\n<li>Mixecke, Regale, Wartebereich<\/li>\n\n\n\n<li>Aufenthaltsraum mit K\u00fchlschrank<\/li>\n<\/ul>\n\n\n\n<h3 class=\"wp-block-heading\">Lage<\/h3>\n\n\n\n<ul class=\"wp-block-list\">\n<li>Kundenparkpl\u00e4tze direkt vor dem Gesch\u00e4ft<\/li>\n\n\n\n<li>Sehr gute \u00d6PNV-Anbindung (weniger als 5 Gehminuten)<\/li>\n\n\n\n<li>Ca. 15 Gehminuten vom Hbf Darmstadt<\/li>\n\n\n\n<li>Wachsende Wohn- und Gewerbelage (N\u00e4he Griesheim &amp; Weiterstadt)<\/li>\n<\/ul>\n\n\n\n<h3 class=\"wp-block-heading\">F\u00fcr dich wichtig<\/h3>\n\n\n\n<ul class=\"wp-block-list\">\n<li><strong>Freie Gestaltung<\/strong> deiner Arbeits-, \u00d6ffnungs- und Urlaubszeiten <\/li>\n\n\n\n<li><strong>Eigene Preisliste<\/strong><\/li>\n\n\n\n<li>Bestehende Kundschaft: aktuell ca. <strong>90 % M\u00e4nnerkunden<\/strong> \u2013 gro\u00dfes Potenzial f\u00fcr zus\u00e4tzliche Kundschaft<\/li>\n<\/ul>\n\n\n\n<h3 class=\"wp-block-heading\">Zu mir<\/h3>\n\n\n\n<p>Ich bin seit 1985 Friseur in diesem Gesch\u00e4ft, seit 1998 selbstst\u00e4ndig. Bis 2022 habe ich den Salon gemeinsam mit meiner Schwester gef\u00fchrt, die inzwischen im Ruhestand ist.<br>Auf Wunsch stehe ich dir <strong>beratend<\/strong> zur Seite.<\/p>\n\n\n\n<p>Auch f\u00fcr ein <strong>Nagelstudio oder \u00e4hnliche Konzepte<\/strong> ist Platz vorhanden (Voraussetzung: Selbstst\u00e4ndigkeit und ggf. berufliche Qualifikation).<\/p>\n\n\n\n<h3 class=\"wp-block-heading\">Interesse?<\/h3>\n\n\n\n<p>Dann lass uns unverbindlich reden oder schreiben.<\/p>\n\n\n\n<p><strong>Kontakt:<\/strong><br>Frank J\u00e4hrling<br>&#x1f4de; 06151 \/ 824402<br>&#x2709;&#xfe0f; <a>frank@jaehrling.de<\/a><\/p>\n\n\n\n<figure class=\"wp-block-gallery has-nested-images columns-4 is-cropped wp-block-gallery-1 is-layout-flex wp-block-gallery-is-layout-flex\">\n<figure class=\"wp-block-image size-large\"><img loading=\"lazy\" decoding=\"async\" width=\"1024\" height=\"654\" data-id=\"513\" src=\"http:\/\/wp.haarnet.de\/wp-content\/uploads\/2022\/03\/ausdemlabor-1024x654.jpg\" alt=\"\" class=\"wp-image-513\" srcset=\"http:\/\/wp.haarnet.de\/wp-content\/uploads\/2022\/03\/ausdemlabor-1024x654.jpg 1024w, http:\/\/wp.haarnet.de\/wp-content\/uploads\/2022\/03\/ausdemlabor-300x192.jpg 300w, http:\/\/wp.haarnet.de\/wp-content\/uploads\/2022\/03\/ausdemlabor-768x491.jpg 768w, http:\/\/wp.haarnet.de\/wp-content\/uploads\/2022\/03\/ausdemlabor-1536x981.jpg 1536w, http:\/\/wp.haarnet.de\/wp-content\/uploads\/2022\/03\/ausdemlabor-2048x1308.jpg 2048w, http:\/\/wp.haarnet.de\/wp-content\/uploads\/2022\/03\/ausdemlabor-360x230.jpg 360w\" sizes=\"auto, (max-width: 1024px) 100vw, 1024px\" \/><\/figure>\n\n\n\n<figure class=\"wp-block-image size-large\"><img loading=\"lazy\" decoding=\"async\" width=\"1024\" height=\"683\" data-id=\"517\" src=\"http:\/\/wp.haarnet.de\/wp-content\/uploads\/2022\/03\/mixecke-1024x683.jpg\" alt=\"\" class=\"wp-image-517\" srcset=\"http:\/\/wp.haarnet.de\/wp-content\/uploads\/2022\/03\/mixecke-1024x683.jpg 1024w, http:\/\/wp.haarnet.de\/wp-content\/uploads\/2022\/03\/mixecke-300x200.jpg 300w, http:\/\/wp.haarnet.de\/wp-content\/uploads\/2022\/03\/mixecke-768x512.jpg 768w, http:\/\/wp.haarnet.de\/wp-content\/uploads\/2022\/03\/mixecke-1536x1024.jpg 1536w, http:\/\/wp.haarnet.de\/wp-content\/uploads\/2022\/03\/mixecke-2048x1365.jpg 2048w, http:\/\/wp.haarnet.de\/wp-content\/uploads\/2022\/03\/mixecke-120x80.jpg 120w\" sizes=\"auto, (max-width: 1024px) 100vw, 1024px\" \/><\/figure>\n\n\n\n<figure class=\"wp-block-image size-large\"><img loading=\"lazy\" decoding=\"async\" width=\"1024\" height=\"683\" data-id=\"516\" src=\"http:\/\/wp.haarnet.de\/wp-content\/uploads\/2022\/03\/stuhldetail-1024x683.jpg\" alt=\"\" class=\"wp-image-516\" srcset=\"http:\/\/wp.haarnet.de\/wp-content\/uploads\/2022\/03\/stuhldetail-1024x683.jpg 1024w, http:\/\/wp.haarnet.de\/wp-content\/uploads\/2022\/03\/stuhldetail-300x200.jpg 300w, http:\/\/wp.haarnet.de\/wp-content\/uploads\/2022\/03\/stuhldetail-768x512.jpg 768w, http:\/\/wp.haarnet.de\/wp-content\/uploads\/2022\/03\/stuhldetail-1536x1024.jpg 1536w, http:\/\/wp.haarnet.de\/wp-content\/uploads\/2022\/03\/stuhldetail-2048x1365.jpg 2048w, http:\/\/wp.haarnet.de\/wp-content\/uploads\/2022\/03\/stuhldetail-120x80.jpg 120w\" sizes=\"auto, (max-width: 1024px) 100vw, 1024px\" \/><\/figure>\n\n\n\n<figure class=\"wp-block-image size-large\"><img loading=\"lazy\" decoding=\"async\" width=\"1024\" height=\"702\" data-id=\"514\" src=\"http:\/\/wp.haarnet.de\/wp-content\/uploads\/2022\/03\/top1-1024x702.jpg\" alt=\"\" class=\"wp-image-514\" srcset=\"http:\/\/wp.haarnet.de\/wp-content\/uploads\/2022\/03\/top1-1024x702.jpg 1024w, http:\/\/wp.haarnet.de\/wp-content\/uploads\/2022\/03\/top1-300x206.jpg 300w, http:\/\/wp.haarnet.de\/wp-content\/uploads\/2022\/03\/top1-768x527.jpg 768w, http:\/\/wp.haarnet.de\/wp-content\/uploads\/2022\/03\/top1-1536x1054.jpg 1536w, http:\/\/wp.haarnet.de\/wp-content\/uploads\/2022\/03\/top1-2048x1405.jpg 2048w\" sizes=\"auto, (max-width: 1024px) 100vw, 1024px\" \/><\/figure>\n\n\n\n<figure class=\"wp-block-image size-large\"><img loading=\"lazy\" decoding=\"async\" width=\"1024\" height=\"683\" data-id=\"512\" src=\"http:\/\/wp.haarnet.de\/wp-content\/uploads\/2022\/03\/top2-1024x683.jpg\" alt=\"\" class=\"wp-image-512\" srcset=\"http:\/\/wp.haarnet.de\/wp-content\/uploads\/2022\/03\/top2-1024x683.jpg 1024w, http:\/\/wp.haarnet.de\/wp-content\/uploads\/2022\/03\/top2-300x200.jpg 300w, http:\/\/wp.haarnet.de\/wp-content\/uploads\/2022\/03\/top2-768x512.jpg 768w, http:\/\/wp.haarnet.de\/wp-content\/uploads\/2022\/03\/top2-1536x1024.jpg 1536w, http:\/\/wp.haarnet.de\/wp-content\/uploads\/2022\/03\/top2-2048x1365.jpg 2048w, http:\/\/wp.haarnet.de\/wp-content\/uploads\/2022\/03\/top2-120x80.jpg 120w\" sizes=\"auto, (max-width: 1024px) 100vw, 1024px\" \/><\/figure>\n<\/figure>\n\n\n\n<p><\/p>\n","protected":false},"excerpt":{"rendered":"<p>Selbstst\u00e4ndig im Friseurhandwerk?Co-Workspace \/ Stuhl- oder Raummiete in Darmstadt (64293) Du spielst mit dem Gedanken, dich selbstst\u00e4ndig zu machen? Dann<\/p>\n","protected":false},"author":1,"featured_media":0,"comment_status":"closed","ping_status":"open","sticky":false,"template":"","format":"standard","meta":{"footnotes":""},"categories":[1],"tags":[],"class_list":["post-490","post","type-post","status-publish","format-standard","hentry","category-uncategorized"],"_links":{"self":[{"href":"http:\/\/wp.haarnet.de\/index.php?rest_route=\/wp\/v2\/posts\/490","targetHints":{"allow":["GET"]}}],"collection":[{"href":"http:\/\/wp.haarnet.de\/index.php?rest_route=\/wp\/v2\/posts"}],"about":[{"href":"http:\/\/wp.haarnet.de\/index.php?rest_route=\/wp\/v2\/types\/post"}],"author":[{"embeddable":true,"href":"http:\/\/wp.haarnet.de\/index.php?rest_route=\/wp\/v2\/users\/1"}],"replies":[{"embeddable":true,"href":"http:\/\/wp.haarnet.de\/index.php?rest_route=%2Fwp%2Fv2%2Fcomments&post=490"}],"version-history":[{"count":25,"href":"http:\/\/wp.haarnet.de\/index.php?rest_route=\/wp\/v2\/posts\/490\/revisions"}],"predecessor-version":[{"id":1188,"href":"http:\/\/wp.haarnet.de\/index.php?rest_route=\/wp\/v2\/posts\/490\/revisions\/1188"}],"wp:attachment":[{"href":"http:\/\/wp.haarnet.de\/index.php?rest_route=%2Fwp%2Fv2%2Fmedia&parent=490"}],"wp:term":[{"taxonomy":"category","embeddable":true,"href":"http:\/\/wp.haarnet.de\/index.php?rest_route=%2Fwp%2Fv2%2Fcategories&post=490"},{"taxonomy":"post_tag","embeddable":true,"href":"http:\/\/wp.haarnet.de\/index.php?rest_route=%2Fwp%2Fv2%2Ftags&post=490"}],"curies":[{"name":"wp","href":"https:\/\/api.w.org\/{rel}","templated":true}]}}