{"id":609,"date":"2022-10-04T19:23:22","date_gmt":"2022-10-04T19:23:22","guid":{"rendered":"http:\/\/wp.haarnet.de\/?p=609"},"modified":"2026-01-09T20:03:39","modified_gmt":"2026-01-09T20:03:39","slug":"hohe-auslastung","status":"publish","type":"post","link":"http:\/\/wp.haarnet.de\/?p=609","title":{"rendered":"Hohe Auslastung"},"content":{"rendered":"\n<p><strong>Liebe Kundinnen und Kunden,<\/strong><\/p>\n\n\n\n<p>wie ihr wisst, stehe ich seit April 2022 alleine im Laden. Die Auslastung ist nach wie vor sehr hoch \u2013 oft sind meine Termine f\u00fcr die Woche bereits Mitte der Woche vollst\u00e4ndig ausgebucht.<br>So gern ich jedem so schnell wie m\u00f6glich einen Termin anbieten w\u00fcrde, ist das leider nicht immer machbar.<\/p>\n\n\n\n<p>Ohne Termin ist es nahezu unm\u00f6glich, jemanden \u201edazwischenzuschieben\u201c. F\u00fcr meine vielen langj\u00e4hrigen Kundinnen und Kunden, die ihre Termine im Voraus vereinbaren und p\u00fcnktlich erscheinen, bin ich sehr dankbar. So kann ich unn\u00f6tige Wartezeiten vermeiden und meinen Ablauf gut planen.<\/p>\n\n\n\n<p>Damit die Terminvergabe f\u00fcr uns alle etwas einfacher wird, hier ein paar hilfreiche Tipps:<\/p>\n\n\n\n<p><strong>1. Fr\u00fchzeitig buchen<\/strong><br>Eine Terminbuchung etwa <strong>eine Woche im Voraus<\/strong> ist meist eine sichere Methode.<br>Vor Feiertagen (Weihnachten, Ostern, Pfingsten) oder vor meinem Urlaub empfehle ich, <strong>2\u20133 Wochen im Voraus<\/strong> zu buchen.<\/p>\n\n\n\n<p><strong>2. Folgetermin direkt vereinbaren<\/strong><br>Wenn ihr bereits wisst, wann ihr das n\u00e4chste Mal kommen m\u00f6chtet, vereinbart am besten direkt einen neuen Termin.<\/p>\n\n\n\n<p><strong>3. Terminvereinbarung telefonisch oder pers\u00f6nlich<\/strong><br>W\u00e4hrend meiner \u00d6ffnungszeiten k\u00f6nnt ihr Termine telefonisch oder direkt im Laden vereinbaren unter:<br>&#x1f4de; <strong>06151 \/ 82 44 02<\/strong><\/p>\n\n\n\n<p>Eine gro\u00dfe Erleichterung f\u00fcr mich w\u00e4re es, wenn ihr \u2013 wenn m\u00f6glich \u2013<br>\u2022 die Zeit <strong>morgens von 7:30\u20138:00 Uhr<\/strong> oder<br>\u2022 <strong>in der Mittagspause von 12:30\u201313:00 Uhr<\/strong><br>f\u00fcr Anrufe nutzen w\u00fcrdet.<\/p>\n\n\n\n<p>Hilfreich ist es au\u00dferdem, wenn ihr bei der Terminvereinbarung eure <strong>m\u00f6glichen Zeitfenster und Alternativen<\/strong> kennt (z. B. fr\u00fch oder sp\u00e4t, vormittags oder nachmittags).<\/p>\n\n\n\n<p>Gerne k\u00f6nnt ihr euch auch auf eine <strong>Stand-by-Liste<\/strong> setzen lassen. Wird kurzfristig ein Termin frei, rufe ich euch umgehend an. Dennoch empfehle ich, zus\u00e4tzlich einen festen Termin zu buchen.<\/p>\n\n\n\n<p>Nat\u00fcrlich k\u00f6nnt ihr mich auch weiterhin zu den \u00fcblichen Gesch\u00e4ftszeiten anrufen \u2013 idealerweise <strong>5 Minuten vor halb oder zur vollen Stunde<\/strong>.<\/p>\n\n\n\n<p><strong>4. Termin per E-Mail<\/strong><br>Au\u00dferhalb und innerhalb der Gesch\u00e4ftszeiten k\u00f6nnt ihr mir auch gerne eine E-Mail schreiben an:<br>&#x2709;&#xfe0f; <strong><a>termin@jaehrling.de<\/a><\/strong><br>Ich melde mich so schnell wie m\u00f6glich mit einem Terminvorschlag oder einer Best\u00e4tigung zur\u00fcck.<\/p>\n\n\n\n<p><strong>5. P\u00fcnktlichkeit &amp; Absagen<\/strong><br>Bitte erscheint m\u00f6glichst <strong>5 Minuten vor eurem Termin<\/strong>.<br>Solltet ihr einen Termin nicht wahrnehmen k\u00f6nnen, sagt ihn bitte <strong>rechtzeitig vorher ab<\/strong>. Ein nicht wahrgenommener Termin bedeutet f\u00fcr mich einen Einnahmeausfall \u2013 und ein anderer Kunde oder eine andere Kundin h\u00e4tte diesen Termin gerne genutzt.<br>Kurz gesagt: \u00e4rgerlich und ein Verlust im doppelten Sinne.<\/p>\n\n\n\n<p>Nat\u00fcrlich gibt es nachvollziehbare Gr\u00fcnde f\u00fcr kurzfristige Absagen \u2013 diese sollten jedoch bitte nicht zur Regel werden.<\/p>\n\n\n\n<p>Vielen Dank f\u00fcr euer Verst\u00e4ndnis und eure Treue &#x1f49b;<\/p>\n","protected":false},"excerpt":{"rendered":"<p>Liebe Kundinnen und Kunden, wie ihr wisst, stehe ich seit April 2022 alleine im Laden. Die Auslastung ist nach wie<\/p>\n","protected":false},"author":1,"featured_media":0,"comment_status":"closed","ping_status":"open","sticky":false,"template":"","format":"standard","meta":{"footnotes":""},"categories":[1],"tags":[],"class_list":["post-609","post","type-post","status-publish","format-standard","hentry","category-uncategorized"],"_links":{"self":[{"href":"http:\/\/wp.haarnet.de\/index.php?rest_route=\/wp\/v2\/posts\/609","targetHints":{"allow":["GET"]}}],"collection":[{"href":"http:\/\/wp.haarnet.de\/index.php?rest_route=\/wp\/v2\/posts"}],"about":[{"href":"http:\/\/wp.haarnet.de\/index.php?rest_route=\/wp\/v2\/types\/post"}],"author":[{"embeddable":true,"href":"http:\/\/wp.haarnet.de\/index.php?rest_route=\/wp\/v2\/users\/1"}],"replies":[{"embeddable":true,"href":"http:\/\/wp.haarnet.de\/index.php?rest_route=%2Fwp%2Fv2%2Fcomments&post=609"}],"version-history":[{"count":36,"href":"http:\/\/wp.haarnet.de\/index.php?rest_route=\/wp\/v2\/posts\/609\/revisions"}],"predecessor-version":[{"id":1186,"href":"http:\/\/wp.haarnet.de\/index.php?rest_route=\/wp\/v2\/posts\/609\/revisions\/1186"}],"wp:attachment":[{"href":"http:\/\/wp.haarnet.de\/index.php?rest_route=%2Fwp%2Fv2%2Fmedia&parent=609"}],"wp:term":[{"taxonomy":"category","embeddable":true,"href":"http:\/\/wp.haarnet.de\/index.php?rest_route=%2Fwp%2Fv2%2Fcategories&post=609"},{"taxonomy":"post_tag","embeddable":true,"href":"http:\/\/wp.haarnet.de\/index.php?rest_route=%2Fwp%2Fv2%2Ftags&post=609"}],"curies":[{"name":"wp","href":"https:\/\/api.w.org\/{rel}","templated":true}]}}